{"id":1276,"date":"2025-11-27T18:09:07","date_gmt":"2025-11-27T11:09:07","guid":{"rendered":"http:\/\/bongda.0huai.com\/index.php\/2025\/11\/27\/julian-nagelsmann-tro-thanh-ung-vien-so-1-dan-dat-doi-tuyen-duc\/"},"modified":"2025-11-27T18:09:07","modified_gmt":"2025-11-27T11:09:07","slug":"julian-nagelsmann-tro-thanh-ung-vien-so-1-dan-dat-doi-tuyen-duc","status":"publish","type":"post","link":"https:\/\/bongda.0huai.com\/index.php\/2025\/11\/27\/julian-nagelsmann-tro-thanh-ung-vien-so-1-dan-dat-doi-tuyen-duc\/","title":{"rendered":"Julian Nagelsmann tr\u1edf th\u00e0nh \u1ee9ng vi\u00ean s\u1ed1 1 d\u1eabn d\u1eaft \u0111\u1ed9i tuy\u1ec3n \u0110\u1ee9c"},"content":{"rendered":"<p>Zalo  Julian Nagelsmann tr\u1edf th\u00e0nh \u1ee9ng vi\u00ean s\u1ed1 1 d\u1eabn d\u1eaft \u0111\u1ed9i tuy\u1ec3n \u0110\u1ee9cTh\u01b0\u0301 Hai 11\/09\/2023 18:14(GMT+7) Theo d\u00f5i Bongda24h tr\u00ean Julian Nagelsmann \u0111\u00e3 v\u01b0\u01a1n l\u00ean tr\u1edf th\u00e0nh \u1ee9ng vi\u00ean s\u1ed1 m\u1ed9t thay th\u1ebf Hansi Flick trong vai tr\u00f2 HLV \u0111\u1ed9i tuy\u1ec3n \u0110\u1ee9c.Julian Nagelsmann \u0111ang l\u00e0 \u1ee9ng vi\u00ean s\u00e1ng gi\u00e1 cho chi\u1ebfc gh\u1ebf HLV c\u1ee7a \u0111\u1ed9i tuy\u1ec3n \u0110\u1ee9c, theo t\u1edd BILD. Sau th\u1ea5t b\u1ea1i th\u00ea th\u1ea3m 1-4 tr\u01b0\u1edbc Nh\u1eadt B\u1ea3n \u1edf tr\u1eadn giao h\u1eefu c\u00e1ch \u0111\u00e2y \u00edt h\u00f4m, Hansi Flick \u0111\u00e3 b\u1ecb Li\u00ean \u0111o\u00e0n b\u00f3ng \u0111\u00e1 \u0110\u1ee9c sa th\u1ea3i. D\u01b0\u1edbi th\u1eddi Flick, \u0110\u1ee9c ch\u1ec9 th\u1eafng v\u1ecfn v\u1eb9n 4 trong 17 tr\u1eadn \u0111\u1ea5u. V\u1edbi phong \u0111\u1ed9 ng\u00e1n ng\u1ea9m n\u00e0y, vi\u1ec7c HLV Flick b\u1ecb sa th\u1ea3i ch\u1ec9 l\u00e0 chuy\u1ec7n s\u1edbm mu\u1ed9n.Julian Nagelsmann tr\u1edf th\u00e0nh \u1ee9ng vi\u00ean s\u1ed1 1 d\u1eabn d\u1eaft \u0111\u1ed9i tuy\u1ec3n \u0110\u1ee9cNagelsmann v\u1eabn ch\u01b0a c\u00f3 c\u00f4ng vi\u1ec7c n\u00e0o \u1edf th\u1eddi \u0111i\u1ec3m hi\u1ec7n t\u1ea1i. Tuy th\u1ebf, \u00f4ng v\u1eabn c\u00f2n h\u1ee3p \u0111\u1ed3ng v\u1edbi Bayern Munich \u0111\u1ebfn n\u0103m 2026. N\u1ebfu Li\u00ean \u0111o\u00e0n b\u00f3ng \u0111\u00e1 \u0110\u1ee9c mu\u1ed1n thu\u00ea Nagelsmann th\u00ec h\u1ecd s\u1ebd ph\u1ea3i tr\u1ea3 cho Bayern m\u1ed9t kho\u1ea3n ti\u1ec1n \u0111\u1ec1n b\u00f9 r\u01a1i v\u00e0o kho\u1ea3ng 10 \u0111\u1ebfn 15 tri\u1ec7u Euro.Ngo\u00e0i Julian Nagelsmann, Li\u00ean \u0111o\u00e0n b\u00f3ng \u0111\u00e1 \u0110\u1ee9c c\u0169ng \u0111ang c\u00e2n nh\u1eafc b\u1ed5 nhi\u1ec7m Louis van Gaal v\u00e0o gh\u1ebf n\u00f3ng.\u0110\u1ee9c s\u1ebd c\u00f3 m\u1ed9t b\u00e0i test kh\u00f3 kh\u0103n n\u1eefa g\u1eb7p Ph\u00e1p t\u1ea1i s\u00e2n Signal Iduna Park v\u00e0o gi\u1eefa tu\u1ea7n n\u00e0y. D\u00f9 v\u1eady, tr\u1eadn \u0111\u1ea5u n\u00e0y kh\u00f4ng c\u00f2n nhi\u1ec1u \u00fd ngh\u0129a khi \u0110\u1ee9c ch\u01b0a x\u00e1c \u0111\u1ecbnh \u0111\u01b0\u1ee3c HLV t\u01b0\u01a1ng lai. \u0110\u00e2y s\u1ebd l\u00e0 m\u1ed9t b\u00e0i to\u00e1n kh\u00f3 v\u1edbi \u201cXe t\u0103ng\u201d khi h\u1ecd \u0111\u1ee9ng tr\u01b0\u1edbc \u00e1p l\u1ef1c th\u00e0nh t\u00edch v\u00ec thi \u0111\u1ea5u tr\u00ean s\u00e2n nh\u00e0 t\u1ea1i Euro 2024. \u0110\u1ee9c ch\u1ec9 c\u00f2n 9 th\u00e1ng n\u1eefa \u0111\u1ec3 chu\u1ea9n b\u1ecb tr\u01b0\u1edbc ng\u00e0y kh\u1edfi tranh c\u1ee7a Euro.V\u00e0o th\u00e1ng 10, \u0110\u1ee9c s\u1ebd c\u00f3 2 tr\u1eadn giao h\u1eefu g\u1eb7p M\u1ef9 v\u00e0 Mexico. Ti\u1ebfp sau \u0111\u00f3 s\u1ebd l\u00e0 m\u1ed9t tr\u1eadn giao h\u1eefu v\u1edbi \u00c1o v\u00e0o th\u00e1ng 11. \u0110\u00e2y s\u1ebd l\u00e0 giai \u0111o\u1ea1n \u0111\u1ec3 t\u00e2n HLV c\u1ee7a \u0111\u1ed9i tuy\u1ec3n \u0110\u1ee9c c\u00f3 s\u1ef1 chu\u1ea9n b\u1ecb v\u00e0 c\u0169ng l\u00e0 nh\u1eefng tr\u1eadn \u0111\u1ea5u cu\u1ed1i c\u00f9ng c\u1ee7a Die Mannschaft trong n\u0103m 2023. Xu\u00e2n Phong Theo Th\u1ec3 thao &#038; V\u0103n h\u00f3a  Link b\u00e0i g\u1ed1c Copy linkhttps:\/\/yeuthethao.thethaovanhoa.vn\/bong-da-duc\/julian-nagelsmann-tro-thanh-ung-vien-so-1-dan-dat-doi-tuyen-duc-193-364118.html<\/p>\n","protected":false},"excerpt":{"rendered":"<p>Zalo Julian Nagelsmann tr\u1edf th\u00e0nh \u1ee9ng vi\u00ean s\u1ed1 1 d\u1eabn d\u1eaft \u0111\u1ed9i tuy\u1ec3n \u0110\u1ee9cTh\u01b0\u0301 Hai 11\/09\/2023 18:14(GMT+7) Theo d\u00f5i Bongda24h tr\u00ean Julian Nagelsmann \u0111\u00e3 v\u01b0\u01a1n l\u00ean tr\u1edf th\u00e0nh \u1ee9ng vi\u00ean&hellip;<\/p>\n","protected":false},"author":1,"featured_media":0,"comment_status":"open","ping_status":"closed","sticky":false,"template":"","format":"standard","meta":{"footnotes":""},"categories":[33],"tags":[],"class_list":["post-1276","post","type-post","status-publish","format-standard","hentry","category-bundesliga"],"_links":{"self":[{"href":"https:\/\/bongda.0huai.com\/index.php\/wp-json\/wp\/v2\/posts\/1276","targetHints":{"allow":["GET"]}}],"collection":[{"href":"https:\/\/bongda.0huai.com\/index.php\/wp-json\/wp\/v2\/posts"}],"about":[{"href":"https:\/\/bongda.0huai.com\/index.php\/wp-json\/wp\/v2\/types\/post"}],"author":[{"embeddable":true,"href":"https:\/\/bongda.0huai.com\/index.php\/wp-json\/wp\/v2\/users\/1"}],"replies":[{"embeddable":true,"href":"https:\/\/bongda.0huai.com\/index.php\/wp-json\/wp\/v2\/comments?post=1276"}],"version-history":[{"count":0,"href":"https:\/\/bongda.0huai.com\/index.php\/wp-json\/wp\/v2\/posts\/1276\/revisions"}],"wp:attachment":[{"href":"https:\/\/bongda.0huai.com\/index.php\/wp-json\/wp\/v2\/media?parent=1276"}],"wp:term":[{"taxonomy":"category","embeddable":true,"href":"https:\/\/bongda.0huai.com\/index.php\/wp-json\/wp\/v2\/categories?post=1276"},{"taxonomy":"post_tag","embeddable":true,"href":"https:\/\/bongda.0huai.com\/index.php\/wp-json\/wp\/v2\/tags?post=1276"}],"curies":[{"name":"wp","href":"https:\/\/api.w.org\/{rel}","templated":true}]}}